{"id":2137,"date":"2019-10-15T19:46:24","date_gmt":"2019-10-15T22:46:24","guid":{"rendered":"https:\/\/www.labguemes.com.ar\/web\/?p=2137"},"modified":"2019-10-20T11:14:57","modified_gmt":"2019-10-20T14:14:57","slug":"congreso-cubra-xv-deteccion-de-la-asociacion-candida-spp-y-s-agalactiae-en-muestras-de-exudados-vaginales","status":"publish","type":"post","link":"https:\/\/www.labguemes.com.ar\/web\/congreso-cubra-xv-deteccion-de-la-asociacion-candida-spp-y-s-agalactiae-en-muestras-de-exudados-vaginales\/","title":{"rendered":"CONGRESO CUBRA XV: Detecci\u00f3n de la asociaci\u00f3n Candida spp y S. agalactiae en muestras de exudados vaginales."},"content":{"rendered":"<h4>TRABAJO DE INVESTIGACION PRESENTADO EN EL CONGRESO XV DE CUBRA.<\/h4>\n<h2><b>Detecci\u00f3n de la asociaci\u00f3n Candida spp y S. agalactiae en muestras de exudados vaginales.<\/b><\/h2>\n<p>Candida spp. pertenece a la microbiota epitelial de la mucosa vaginal, puede ser auto-transmitida desde la regi\u00f3n perianal, siendo fuente la flora intestinal; en condiciones apropiadas ocasiona la Candidiasis Vulvovaginal (CVV). S. agalactiae forma parte de la flora comensal intestinal y de forma intermitente coloniza el \u00e1rea perineal y el tracto genitourinario, puede causar varias infecciones en adultos, pero el inter\u00e9s cl\u00ednico se relaciona con su capacidad de causar enfermedades neonatales graves. Estudios recientes han concluido que es uno de los responsables de producir Vaginitis Aer\u00f3bica (VA), siendo en gestantes responsable de complicaciones obst\u00e9tricas. En los \u00faltimos a\u00f1os se evidencio en nuestro laboratorio, un aumento de la coexistencia entre Candida spp y S. agalactiae en el contexto de una infecci\u00f3n vaginal en muestras de exudados vaginales de mujeres no embarazadas y embarazadas. El objetivo de este estudio es determinar la prevalencia de la coinfecci\u00f3n\u00a0 entre Candida spp y S. agalactiae y evaluar su importancia como agentes etiol\u00f3gicos de vaginitis.<\/p>\n<p>Materiales y m\u00e9todos: Se estudiaron 4762 muestras de exudados vaginales de mujeres no gestantes y gestantes, rango etario de 20 a 45 a\u00f1os, que asistieron al Laboratorio G\u00fcemes de la Ciudad de Resistencia Chaco, desde enero a diciembre del 2018. Se realizaron: an\u00e1lisis microsc\u00f3picos de las muestras tomadas de fondo de saco vaginal; cultivos en medios apropiados e identificaci\u00f3n. Se utiliz\u00f3 el criterio de Nugent y cols. La VA es la disminuci\u00f3n o ausencia de lactobacilos, aumento de c\u00e9lulas parabasales, reacci\u00f3n inflamatoria positiva.<\/p>\n<p>Resultados: En la tabla,1 se observan los resultados microbiol\u00f3gicos obtenidos en las 4762 muestras. En la tabla,2, se observa adem\u00e1s la agrupaci\u00f3n en mujeres embarazadas y no embarazadas.<\/p>\n<p><a href=\"https:\/\/www.labguemes.com.ar\/web\/wp-content\/uploads\/2019\/10\/Captura-de-pantalla-2019-10-15-19.40.15.png\"><img loading=\"lazy\" decoding=\"async\" class=\"size-full wp-image-2139 aligncenter\" src=\"https:\/\/www.labguemes.com.ar\/web\/wp-content\/uploads\/2019\/10\/Captura-de-pantalla-2019-10-15-19.40.15.png\" alt=\"\" width=\"811\" height=\"232\" srcset=\"https:\/\/www.labguemes.com.ar\/web\/wp-content\/uploads\/2019\/10\/Captura-de-pantalla-2019-10-15-19.40.15.png 811w, https:\/\/www.labguemes.com.ar\/web\/wp-content\/uploads\/2019\/10\/Captura-de-pantalla-2019-10-15-19.40.15-300x86.png 300w, https:\/\/www.labguemes.com.ar\/web\/wp-content\/uploads\/2019\/10\/Captura-de-pantalla-2019-10-15-19.40.15-768x220.png 768w\" sizes=\"auto, (max-width: 811px) 100vw, 811px\" \/><\/a><\/p>\n<h2><b><a href=\"https:\/\/www.labguemes.com.ar\/web\/wp-content\/uploads\/2019\/10\/Captura-de-pantalla-2019-10-15-19.40.20.png\"><img loading=\"lazy\" decoding=\"async\" class=\"size-full wp-image-2138 aligncenter\" src=\"https:\/\/www.labguemes.com.ar\/web\/wp-content\/uploads\/2019\/10\/Captura-de-pantalla-2019-10-15-19.40.20.png\" alt=\"\" width=\"636\" height=\"302\" srcset=\"https:\/\/www.labguemes.com.ar\/web\/wp-content\/uploads\/2019\/10\/Captura-de-pantalla-2019-10-15-19.40.20.png 636w, https:\/\/www.labguemes.com.ar\/web\/wp-content\/uploads\/2019\/10\/Captura-de-pantalla-2019-10-15-19.40.20-300x142.png 300w\" sizes=\"auto, (max-width: 636px) 100vw, 636px\" \/><\/a><\/b><\/h2>\n<p>Adem\u00e1s se detectaron 4 pacientes con CVV recurrente, que ten\u00edan la asociaci\u00f3n <i>Candida <\/i>spp &#8211; <i>S. agalactiae<\/i><i>.<\/i><\/p>\n<h5>Conclusiones:<\/h5>\n<p>La CVV tiene una alta prevalencia como causante de infecci\u00f3n vaginal. Es un hallazgo frecuente en mujeres gestantes pero no existe evidencia que la relacione con complicaciones obst\u00e9tricas.<\/p>\n<p>Se detectaron 4 casos de CVV recurrentes que ten\u00edan la asociaci\u00f3n<i> Candida spp <\/i>&#8211; <i>S. agalactiae, <\/i>en donde la formaci\u00f3n de una biopelicula, importante factor de virulencia de <i>Candida spp<\/i>. podr\u00eda ser el responsable de dicha coinfecci\u00f3n y recurrencia, adem\u00e1s estas pacientes presentaban escasa o ausencia de flora lactobacilar.<\/p>\n<p>Este trabajo revelo que la asociaci\u00f3n en estudio estuvo presente en 88 casos a los que debemos sumarles 28 donde adem\u00e1s de aislar <i>Candida <\/i>spp\u00a0 y <i>S. agalactiae, t<\/i>ambi\u00e9n se detect\u00f3 al <i>complejo <\/i><i>GAMMs<\/i>. Si bien el n\u00famero de casos detectados en pacientes embarazadas es bajo, no dejan de tener importancia por el elevado riesgo de\u00a0 complicaciones obst\u00e9tricas que traen aparejadas, principalmente asociados a la presencia de VA y VB. La VA se caracteriza por la producci\u00f3n de una inmensa cantidad de interluquinas (IL) 1, 6 y 8 en el curso de la gestaci\u00f3n, lo cual participa en la ocurrencia de complicaciones tales como amnionitis, parto pre t\u00e9rmino, s\u00edndrome de respuesta inflamatoria fetal, aborto espontaneo, entre otras, adem\u00e1s de complicaciones maternas como endometritis. Por lo que es importante solicitar el cultivo de exudado vaginal como control prenatal.<\/p>\n<p>La VA por <i>S. agalactiae <\/i>presenta una baja prevalencia en nuestra instituci\u00f3n. Las pacientes presentaban secreciones amarillentas y algunas con mal olor, dolor y ardor. Los signos y s\u00edntomas no son espec\u00edficos y es dif\u00edcil diagnosticarlas sin la ayuda del laboratorio, por lo que se destaca la importancia de la realizaci\u00f3n de cultivos en medios apropiados y la correcta identificaci\u00f3n del microorganismo responsable, adem\u00e1s de una adecuada anamnesis.<\/p>\n<p>La prevalencia hallada de casos de coinfecci\u00f3n por <i>Candida <\/i>spp &#8211; <i>S. agalactiae <\/i>alertan de la importancia de la b\u00fasqueda y detecci\u00f3n de ambos microorganismo para la instauraci\u00f3n de un adecuado tratamiento, tanto de la CVV como de la VA.<\/p>\n<pre>Autores:\u00a0\r\nLeiva, Lorena; flavialorenaleiva@yahoo.com.ar\r\nAltamirano, Betiana; \r\nVer\u00f3n, Florencia; \r\nLugo, Luis.<\/pre>\n","protected":false},"excerpt":{"rendered":"<p>TRABAJO DE INVESTIGACION PRESENTADO EN EL CONGRESO XV DE CUBRA. Detecci\u00f3n de la asociaci\u00f3n Candida spp y S. agalactiae en muestras de exudados vaginales. Candida spp. pertenece a la microbiota epitelial de la mucosa vaginal, puede ser auto-transmitida desde la regi\u00f3n perianal, siendo fuente la flora intestinal; en condiciones apropiadas ocasiona la Candidiasis Vulvovaginal (CVV). S. agalactiae forma parte de la flora comensal intestinal y de forma intermitente coloniza el \u00e1rea perineal y el tracto genitourinario, puede causar varias infecciones en adultos, pero el inter\u00e9s cl\u00ednico se relaciona con su capacidad de causar enfermedades neonatales graves. Estudios recientes han concluido que es uno de los responsables de producir Vaginitis Aer\u00f3bica (VA), siendo en gestantes responsable de complicaciones obst\u00e9tricas. En los \u00faltimos a\u00f1os se evidencio en nuestro laboratorio, un aumento de la coexistencia entre Candida spp y S. agalactiae en el contexto de una infecci\u00f3n vaginal en muestras de exudados vaginales de mujeres no embarazadas y embarazadas. El objetivo de este estudio es determinar la prevalencia de la coinfecci\u00f3n\u00a0 entre Candida spp y S. agalactiae y evaluar su importancia como agentes etiol\u00f3gicos de vaginitis. Materiales y m\u00e9todos: Se estudiaron 4762 muestras de exudados vaginales de mujeres no gestantes y gestantes, rango etario de 20 a 45 a\u00f1os, que asistieron al Laboratorio G\u00fcemes de la Ciudad de Resistencia Chaco, desde enero a diciembre del 2018. Se realizaron: an\u00e1lisis microsc\u00f3picos de las muestras tomadas de fondo de saco vaginal; cultivos en medios apropiados e identificaci\u00f3n. Se utiliz\u00f3 el criterio de Nugent y cols. La VA es la disminuci\u00f3n o ausencia de lactobacilos, aumento de c\u00e9lulas parabasales, reacci\u00f3n inflamatoria positiva. Resultados: En la tabla,1 se observan los resultados microbiol\u00f3gicos obtenidos en las 4762 muestras. En la tabla,2, se observa adem\u00e1s la agrupaci\u00f3n en mujeres embarazadas y no embarazadas. Adem\u00e1s se detectaron 4 pacientes con CVV recurrente, que ten\u00edan la asociaci\u00f3n Candida spp &#8211; S. agalactiae. Conclusiones: La CVV tiene una alta prevalencia como causante de infecci\u00f3n vaginal. Es un hallazgo frecuente en mujeres gestantes pero no existe evidencia que la relacione con complicaciones obst\u00e9tricas. Se detectaron 4 casos de CVV recurrentes que ten\u00edan la asociaci\u00f3n Candida spp &#8211; S. agalactiae, en donde la formaci\u00f3n de una biopelicula, importante factor de virulencia de Candida spp. podr\u00eda ser el responsable de dicha coinfecci\u00f3n y recurrencia, adem\u00e1s estas pacientes presentaban escasa o ausencia de flora lactobacilar. Este trabajo revelo que la asociaci\u00f3n en estudio estuvo presente en 88 casos a los que debemos sumarles 28 donde adem\u00e1s de aislar Candida spp\u00a0 y S. agalactiae, tambi\u00e9n se detect\u00f3 al complejo GAMMs. Si bien el n\u00famero de casos detectados en pacientes embarazadas es bajo, no dejan de tener importancia por el elevado riesgo de\u00a0 complicaciones obst\u00e9tricas que traen aparejadas, principalmente asociados a la presencia de VA y VB. La VA se caracteriza por la producci\u00f3n de una inmensa cantidad de interluquinas (IL) 1, 6 y 8 en el curso de la gestaci\u00f3n, lo cual participa en la ocurrencia de complicaciones tales como amnionitis, parto pre t\u00e9rmino, s\u00edndrome de respuesta [&hellip;]<\/p>\n","protected":false},"author":3,"featured_media":2141,"comment_status":"closed","ping_status":"closed","sticky":false,"template":"","format":"standard","meta":{"footnotes":""},"categories":[5,70,71],"tags":[],"class_list":["post-2137","post","type-post","status-publish","format-standard","has-post-thumbnail","hentry","category-nueva","category-pacientes","category-profesionales"],"_links":{"self":[{"href":"https:\/\/www.labguemes.com.ar\/web\/wp-json\/wp\/v2\/posts\/2137","targetHints":{"allow":["GET"]}}],"collection":[{"href":"https:\/\/www.labguemes.com.ar\/web\/wp-json\/wp\/v2\/posts"}],"about":[{"href":"https:\/\/www.labguemes.com.ar\/web\/wp-json\/wp\/v2\/types\/post"}],"author":[{"embeddable":true,"href":"https:\/\/www.labguemes.com.ar\/web\/wp-json\/wp\/v2\/users\/3"}],"replies":[{"embeddable":true,"href":"https:\/\/www.labguemes.com.ar\/web\/wp-json\/wp\/v2\/comments?post=2137"}],"version-history":[{"count":1,"href":"https:\/\/www.labguemes.com.ar\/web\/wp-json\/wp\/v2\/posts\/2137\/revisions"}],"predecessor-version":[{"id":2142,"href":"https:\/\/www.labguemes.com.ar\/web\/wp-json\/wp\/v2\/posts\/2137\/revisions\/2142"}],"wp:featuredmedia":[{"embeddable":true,"href":"https:\/\/www.labguemes.com.ar\/web\/wp-json\/wp\/v2\/media\/2141"}],"wp:attachment":[{"href":"https:\/\/www.labguemes.com.ar\/web\/wp-json\/wp\/v2\/media?parent=2137"}],"wp:term":[{"taxonomy":"category","embeddable":true,"href":"https:\/\/www.labguemes.com.ar\/web\/wp-json\/wp\/v2\/categories?post=2137"},{"taxonomy":"post_tag","embeddable":true,"href":"https:\/\/www.labguemes.com.ar\/web\/wp-json\/wp\/v2\/tags?post=2137"}],"curies":[{"name":"wp","href":"https:\/\/api.w.org\/{rel}","templated":true}]}}